{"id":547,"date":"2024-10-29T16:15:02","date_gmt":"2024-10-29T15:15:02","guid":{"rendered":"https:\/\/neu.tus-valmetal.de\/?p=547"},"modified":"2025-04-10T19:41:13","modified_gmt":"2025-04-10T17:41:13","slug":"tus-valmetal-e-v-reaktiviert-die-schwimmabteilung","status":"publish","type":"post","link":"https:\/\/www.tus-valmetal.de\/?p=547","title":{"rendered":"TuS Valmetal e.V. reaktiviert die Schwimmabteilung"},"content":{"rendered":"\n<figure class=\"wp-block-image alignright size-large is-resized\"><img loading=\"lazy\" decoding=\"async\" width=\"1024\" height=\"1024\" src=\"https:\/\/neu.tus-valmetal.de\/wp-content\/uploads\/2024\/10\/2024Schwimmkurs-1024x1024.jpeg\" alt=\"\" class=\"wp-image-548\" style=\"width:349px;height:auto\" srcset=\"https:\/\/neu.tus-valmetal.de\/wp-content\/uploads\/2024\/10\/2024Schwimmkurs-1024x1024.jpeg 1024w, https:\/\/neu.tus-valmetal.de\/wp-content\/uploads\/2024\/10\/2024Schwimmkurs-980x980.jpeg 980w, https:\/\/neu.tus-valmetal.de\/wp-content\/uploads\/2024\/10\/2024Schwimmkurs-480x480.jpeg 480w\" sizes=\"(min-width: 0px) and (max-width: 480px) 480px, (min-width: 481px) and (max-width: 980px) 980px, (min-width: 981px) 1024px, 100vw\" \/><\/figure>\n\n\n\n<p>Nach der Schlie\u00dfung und dem Umbau des ehemaligen Lehrschwimmbeckens in Ramsbeck, wird der Schwimmsport von vielen Sportler*<em>Innen und B\u00fcrgern<\/em>*Innen vermisst. Vor allem die fehlenden Schwimmkurse f\u00fcr Kinder werden kritisch gesehen, da sie f\u00fcr die Kinder \u00dcberlebens wichtig sein k\u00f6nnen.<\/p>\n\n\n\n<p>Viele hatten sich schon in anderen Orten, wie z.B. in B\u00f6defeld, f\u00fcr solche Kurse angemeldet. Nachdem nun auch B\u00f6defeld vom Trend der Schwimmbadschlie\u00dfungen betroffen ist, sind wir in Ramsbeck nachdenklich geworden.<br>Nun k\u00f6nnen wir nach guten Gespr\u00e4chen mit dem Gesundheitszentrum St. Alfried in Berlar wieder Schwimmkurse anbieten.<\/p>\n\n\n\n<p><strong>Als Erstes soll ein Wassergew\u00f6hnungskurs f\u00fcr 5\u20137-j\u00e4hrige Kinder angeboten werden (10 Teilnehmer).<\/strong><\/p>\n\n\n\n<p>Der Kurs wird zun\u00e4chst im Schwimmbad des Gesundheitszentrum \u201eSt.Alfried in Berlar stattfinden. Als Kursleiter konnten wir f\u00fcr die Kinder, Guido Stremmer, J\u00f6rg Schirrey, Daniel Tusch u. August Hermes gewinnen.<\/p>\n\n\n\n<p>Finden diese Kurse eine gute Resonanz k\u00f6nnten wir uns eine Ausweitung des \u00dcbungsbetriebs in der Schwimmhalle Bestwig vorstellen. Dazu m\u00fcsste dann eine Schwimmstunde bei der Gemeinde beantragt werden. Voraussetzung hierf\u00fcr w\u00e4re ein gr\u00f6\u00dferer Interessentenkreis.<\/p>\n\n\n\n<p><strong>Der Wassergew\u00f6hnungskurs wird nach Ostern, ab dem 17.4.2024 um 17.30 Uhr stattfinden.<\/strong><\/p>\n\n\n\n<p><strong>Der Wassergew\u00f6hnungskurs geht \u00fcber 15 \u00dcbungseinheiten und soll dann in einen Schwimmkurs \u00fcbergehen<\/strong>.<\/p>\n\n\n\n<p><strong>Angemeldet werden kann sich ab sofort bei August Hermes unter folgender Telefonnummer: 02905-1808<\/strong><\/p>\n\n\n\n<p>Da Schwimmhallengeb\u00fchren und \u00dcbungsleiterkosten anfallen, k\u00f6nnen die Kurse leider nicht wie fr\u00fcher kostenlos angeboten werden.<br>Die Unkosten f\u00fcr den Kinderschwimmkurs betragen 100,00\u20ac.<\/p>\n\n\n\n<p>Sollten die Anmeldungsgespr\u00e4che uns zeigen, dass auch ein Schwimmkurs mit dem Ziel ein Schwimmabzeichen zu erwerben, gew\u00fcnscht wird, kann \u00fcber ein solches Angebot nachgedacht werden.<\/p>\n","protected":false},"excerpt":{"rendered":"<p>Nach der Schlie\u00dfung und dem Umbau des ehemaligen Lehrschwimmbeckens in Ramsbeck, wird der Schwimmsport von vielen Sportler*Innen und B\u00fcrgern*Innen vermisst. Vor allem die fehlenden Schwimmkurse f\u00fcr Kinder werden kritisch gesehen, [&hellip;]<\/p>\n","protected":false},"author":3,"featured_media":0,"comment_status":"closed","ping_status":"closed","sticky":false,"template":"","format":"standard","meta":{"_et_pb_use_builder":"","_et_pb_old_content":"","_et_gb_content_width":"","_EventAllDay":false,"_EventTimezone":"","_EventStartDate":"","_EventEndDate":"","_EventStartDateUTC":"","_EventEndDateUTC":"","_EventShowMap":false,"_EventShowMapLink":false,"_EventURL":"","_EventCost":"","_EventCostDescription":"","_EventCurrencySymbol":"","_EventCurrencyCode":"","_EventCurrencyPosition":"","_EventDateTimeSeparator":"","_EventTimeRangeSeparator":"","_EventOrganizerID":[],"_EventVenueID":[],"_OrganizerEmail":"","_OrganizerPhone":"","_OrganizerWebsite":"","_VenueAddress":"","_VenueCity":"","_VenueCountry":"","_VenueProvince":"","_VenueState":"","_VenueZip":"","_VenuePhone":"","_VenueURL":"","_VenueStateProvince":"","_VenueLat":"","_VenueLng":"","_VenueShowMap":false,"_VenueShowMapLink":false,"footnotes":""},"categories":[1],"tags":[],"class_list":["post-547","post","type-post","status-publish","format-standard","hentry","category-aktuelles"],"_links":{"self":[{"href":"https:\/\/www.tus-valmetal.de\/index.php?rest_route=\/wp\/v2\/posts\/547","targetHints":{"allow":["GET"]}}],"collection":[{"href":"https:\/\/www.tus-valmetal.de\/index.php?rest_route=\/wp\/v2\/posts"}],"about":[{"href":"https:\/\/www.tus-valmetal.de\/index.php?rest_route=\/wp\/v2\/types\/post"}],"author":[{"embeddable":true,"href":"https:\/\/www.tus-valmetal.de\/index.php?rest_route=\/wp\/v2\/users\/3"}],"replies":[{"embeddable":true,"href":"https:\/\/www.tus-valmetal.de\/index.php?rest_route=%2Fwp%2Fv2%2Fcomments&post=547"}],"version-history":[{"count":1,"href":"https:\/\/www.tus-valmetal.de\/index.php?rest_route=\/wp\/v2\/posts\/547\/revisions"}],"predecessor-version":[{"id":549,"href":"https:\/\/www.tus-valmetal.de\/index.php?rest_route=\/wp\/v2\/posts\/547\/revisions\/549"}],"wp:attachment":[{"href":"https:\/\/www.tus-valmetal.de\/index.php?rest_route=%2Fwp%2Fv2%2Fmedia&parent=547"}],"wp:term":[{"taxonomy":"category","embeddable":true,"href":"https:\/\/www.tus-valmetal.de\/index.php?rest_route=%2Fwp%2Fv2%2Fcategories&post=547"},{"taxonomy":"post_tag","embeddable":true,"href":"https:\/\/www.tus-valmetal.de\/index.php?rest_route=%2Fwp%2Fv2%2Ftags&post=547"}],"curies":[{"name":"wp","href":"https:\/\/api.w.org\/{rel}","templated":true}]}}